{"id":3771,"date":"2022-08-06T23:59:55","date_gmt":"2022-08-06T21:59:55","guid":{"rendered":"http:\/\/www.fotonavia.com\/?p=3771"},"modified":"2022-07-27T22:54:36","modified_gmt":"2022-07-27T20:54:36","slug":"ganadores-concurso-fotonavia-2022","status":"publish","type":"post","link":"https:\/\/www.fotonavia.com\/?p=3771","title":{"rendered":"Ganadores y finalistas del Concurso \u00abFOTONAVIA 2022\u00bb"},"content":{"rendered":"<h3><strong><em>ACTA DEL JURADO DEL CONCURSO FOTOGR\u00c1FICO FOTONAVIA 2022<\/em><\/strong><\/h3>\n<p>&nbsp;<\/p>\n<p>Reunidos a las 20:00 horas del s\u00e1bado 16 de Julio de 2022, el jurado compuesto por las siguientes personas:<\/p>\n<p style=\"text-align: left; padding-left: 120px;\"><strong>\u2013 Fely Su\u00e1rez M\u00e9ndez<\/strong><\/p>\n<p style=\"text-align: left; padding-left: 120px;\"><strong>\u2013 Laura Fern\u00e1ndez Su\u00e1rez<\/strong><\/p>\n<p style=\"text-align: left; padding-left: 120px;\"><strong>\u2013 Nohem\u00ed Su\u00e1rez Toyos<\/strong><\/p>\n<p style=\"text-align: left; padding-left: 120px;\"><strong>\u2013 Azucena Garc\u00eda Villamil<\/strong><\/p>\n<p style=\"text-align: left; padding-left: 120px;\"><strong>\u2013 Manuel \u00c1lvarez Rodr\u00edguez<\/strong><\/p>\n<p style=\"text-align: left; padding-left: 120px;\"><strong>\u2013 Manolo Lebredo.<\/strong><\/p>\n<p style=\"text-align: left; padding-left: 120px;\"><strong>\u2013 Jos\u00e9 \u00c1ngel Ni\u00f1o Mart\u00ednez<\/strong><\/p>\n<p style=\"text-align: left; padding-left: 120px;\"><strong>\u2013 Jos\u00e9 Luis Llano Murias<\/strong><\/p>\n<p style=\"text-align: left; padding-left: 120px;\"><strong>\u2013 Javier Freitas<\/strong><\/p>\n<p>&nbsp;<\/p>\n<p>Todos ellos socios en activo de Fotonavia.<\/p>\n<p>&nbsp;<\/p>\n<p style=\"text-align: center;\"><strong>Declara lo siguiente:<\/strong><\/p>\n<p>En primer lugar, queremos destacar y agradecer la gran cantidad de fotograf\u00edas recibidas. As\u00ed mismo, debemos tambi\u00e9n se\u00f1alar la excepcional calidad de las mismas y el alto nivel de todos los participantes, circunstancia que contribuir\u00e1 a dar a\u00fan m\u00e1s prestigio a nuestro Concurso. De igual modo, agradecemos tambi\u00e9n a las Empresas y Entidades que, a\u00f1o tras a\u00f1o colaboran con Fotonavia, su apoyo inestimable.<\/p>\n<h4 style=\"text-align: center;\">Fallo del Jurado:<\/h4>\n<p><strong>Tras valorar las 172 fotograf\u00edas presentadas y una vez descartadas aquellas que NO se ce\u00f1\u00edan a las Bases del concurso<\/strong>, ACUERDAN seg\u00fan lo recogido en las mismas, otorgar:<\/p>\n<p>&nbsp;<\/p>\n<h4 style=\"text-align: center;\"><strong>PRIMER PREMIO<\/strong>&nbsp;consistente en:<\/h4>\n<ul>\n<li style=\"list-style-type: none;\">\n<ul>\n<li><strong><em>Premio de 300\u20ac<\/em><\/strong><\/li>\n<li><strong><em>Una cena para dos personas gentileza de Sidrer\u00eda La Magaya de Navia.<\/em><\/strong><\/li>\n<li><strong><em>Una noche de hotel para dos personas gentileza de Hotel Blanco de La Colorada<\/em><\/strong><\/li>\n<li><strong><em>Una copia de la fotograf\u00eda premiada en lienzo de 60\u00d740 donada por InterFilm Navia.<\/em><\/strong><\/li>\n<\/ul>\n<\/li>\n<\/ul>\n<p>A la fotograf\u00eda:<\/p>\n<h3 class=\"has-medium-font-size\"><strong><em>\u201cHamn\u00f8y\u201d<\/em><\/strong>&nbsp; de<strong><em> C\u00e9sar \u00c0lvarez Osorio, <\/em><\/strong>de &nbsp;Gij\u00f3n (Asturias)<img loading=\"lazy\" decoding=\"async\" class=\"aligncenter wp-image-3788\" src=\"https:\/\/www.fotonavia.com\/wp-content\/uploads\/2022\/08\/01.-Hannoy-300x150.jpg\" alt=\"\" width=\"600\" height=\"300\" srcset=\"https:\/\/www.fotonavia.com\/wp-content\/uploads\/2022\/08\/01.-Hannoy-300x150.jpg 300w, https:\/\/www.fotonavia.com\/wp-content\/uploads\/2022\/08\/01.-Hannoy-1200x600.jpg 1200w, https:\/\/www.fotonavia.com\/wp-content\/uploads\/2022\/08\/01.-Hannoy-768x384.jpg 768w, https:\/\/www.fotonavia.com\/wp-content\/uploads\/2022\/08\/01.-Hannoy-1536x768.jpg 1536w, https:\/\/www.fotonavia.com\/wp-content\/uploads\/2022\/08\/01.-Hannoy.jpg 1920w\" sizes=\"auto, (max-width: 600px) 100vw, 600px\" \/><\/h3>\n<figure>\n<h4>&nbsp;<\/h4>\n<h4 style=\"text-align: center;\">&#8212;-o&#8212;-<\/h4>\n<h4 style=\"text-align: center;\"><strong>SEGUNDO PREMIO<\/strong>&nbsp;consistente en:<\/h4>\n<ul>\n<li><strong><em>Premio de 100\u20ac<\/em><\/strong><\/li>\n<li><strong><em>Una copia de la fotograf\u00eda premiada en lienzo de 45\u00d730 donada por InterFilm Navia.<\/em><\/strong><\/li>\n<\/ul>\n<p>A la fotograf\u00eda:<\/p>\n<h3 class=\"has-medium-font-size\"><strong><em>\u201cCanto a la primavera\u201d<\/em><\/strong>&nbsp; &nbsp;de<strong><em> David \u00c1lvarez Malo, de Las Lomas (Le\u00f3n)<br \/>\n<\/em><\/strong><\/h3>\n<p><img loading=\"lazy\" decoding=\"async\" class=\"aligncenter wp-image-3790\" src=\"https:\/\/www.fotonavia.com\/wp-content\/uploads\/2022\/08\/02.-CANTO-A-LA-PRIMAVERA-300x200.jpg\" alt=\"\" width=\"600\" height=\"400\" srcset=\"https:\/\/www.fotonavia.com\/wp-content\/uploads\/2022\/08\/02.-CANTO-A-LA-PRIMAVERA-300x200.jpg 300w, https:\/\/www.fotonavia.com\/wp-content\/uploads\/2022\/08\/02.-CANTO-A-LA-PRIMAVERA-1200x800.jpg 1200w, https:\/\/www.fotonavia.com\/wp-content\/uploads\/2022\/08\/02.-CANTO-A-LA-PRIMAVERA-768x512.jpg 768w, https:\/\/www.fotonavia.com\/wp-content\/uploads\/2022\/08\/02.-CANTO-A-LA-PRIMAVERA-1536x1024.jpg 1536w, https:\/\/www.fotonavia.com\/wp-content\/uploads\/2022\/08\/02.-CANTO-A-LA-PRIMAVERA-2048x1366.jpg 2048w\" sizes=\"auto, (max-width: 600px) 100vw, 600px\" \/><\/figure>\n<h4>&nbsp;<\/h4>\n<h4 style=\"text-align: center;\">&#8212;-o&#8212;-<\/h4>\n<h4 style=\"text-align: center;\"><strong>TERCER PREMIO<\/strong>&nbsp;consistente en:<\/h4>\n<ul>\n<li style=\"list-style-type: none;\">\n<ul>\n<li><strong><em>Una copia de la fotograf\u00eda premiada en lienzo de 45\u00d730 donada por InterFilm Navia.<\/em><\/strong><\/li>\n<li><strong><em>Unos auriculares inal\u00e1mbricos gentileza de BEEP Navia.<\/em><\/strong><\/li>\n<\/ul>\n<\/li>\n<\/ul>\n<p>A la fotograf\u00eda:<\/p>\n<h3 class=\"has-medium-font-size\"><em>\u201cLa puerta trasera\u201d<\/em>&nbsp; de<strong><em>&nbsp; Soraya Sampedro Bores, de Bergondo (A Coru\u00f1a)<br \/>\n<\/em><\/strong><\/h3>\n<p><img loading=\"lazy\" decoding=\"async\" class=\"aligncenter wp-image-3791\" src=\"https:\/\/www.fotonavia.com\/wp-content\/uploads\/2022\/08\/03.-LA-PUERTA-TRASERA-GUGGENHEIMBILBAO-300x181.jpg\" alt=\"\" width=\"601\" height=\"362\" srcset=\"https:\/\/www.fotonavia.com\/wp-content\/uploads\/2022\/08\/03.-LA-PUERTA-TRASERA-GUGGENHEIMBILBAO-300x181.jpg 300w, https:\/\/www.fotonavia.com\/wp-content\/uploads\/2022\/08\/03.-LA-PUERTA-TRASERA-GUGGENHEIMBILBAO-1200x723.jpg 1200w, https:\/\/www.fotonavia.com\/wp-content\/uploads\/2022\/08\/03.-LA-PUERTA-TRASERA-GUGGENHEIMBILBAO-768x463.jpg 768w, https:\/\/www.fotonavia.com\/wp-content\/uploads\/2022\/08\/03.-LA-PUERTA-TRASERA-GUGGENHEIMBILBAO-1536x926.jpg 1536w, https:\/\/www.fotonavia.com\/wp-content\/uploads\/2022\/08\/03.-LA-PUERTA-TRASERA-GUGGENHEIMBILBAO-2048x1235.jpg 2048w\" sizes=\"auto, (max-width: 601px) 100vw, 601px\" \/><\/p>\n<p>&nbsp;<\/p>\n<h4 style=\"text-align: center;\">&#8212;-o&#8212;-<\/h4>\n<h4>&nbsp;<\/h4>\n<h4 style=\"text-align: center;\"><strong>UN ACC\u00c9SIT A LA MEJOR COLECCI\u00d3N:<br \/>\n<\/strong><\/h4>\n<p>Concedido de manera excepcional por el Jurado, por la originalidad y alta calidad t\u00e9cnica y art\u00edstica de una misma serie de fotograf\u00edas, consistente en:<\/p>\n<ul>\n<li><strong><em>Un ejemplar del libro \u00abMonta\u00f1as del mundo\u00bb<br \/>\n<\/em><\/strong><\/li>\n<\/ul>\n<p>Al concursante:<\/p>\n<h3 class=\"has-medium-font-size\"><strong><em>Jos\u00e9 Luis Gigirey Gonz\u00e1lez, de Covas (A Coru\u00f1a)<br \/>\n<\/em><\/strong><\/h3>\n<p><em>&nbsp;<\/em><\/p>\n<div id=\"attachment_3807\" style=\"width: 610px\" class=\"wp-caption aligncenter\"><img loading=\"lazy\" decoding=\"async\" aria-describedby=\"caption-attachment-3807\" class=\"wp-image-3807\" src=\"https:\/\/www.fotonavia.com\/wp-content\/uploads\/2022\/08\/Tejiendo-fantasiias-300x200.jpg\" alt=\"\" width=\"600\" height=\"400\" srcset=\"https:\/\/www.fotonavia.com\/wp-content\/uploads\/2022\/08\/Tejiendo-fantasiias-300x200.jpg 300w, https:\/\/www.fotonavia.com\/wp-content\/uploads\/2022\/08\/Tejiendo-fantasiias-1200x800.jpg 1200w, https:\/\/www.fotonavia.com\/wp-content\/uploads\/2022\/08\/Tejiendo-fantasiias-768x512.jpg 768w, https:\/\/www.fotonavia.com\/wp-content\/uploads\/2022\/08\/Tejiendo-fantasiias-1536x1024.jpg 1536w, https:\/\/www.fotonavia.com\/wp-content\/uploads\/2022\/08\/Tejiendo-fantasiias-2048x1365.jpg 2048w\" sizes=\"auto, (max-width: 600px) 100vw, 600px\" \/><p id=\"caption-attachment-3807\" class=\"wp-caption-text\">Tejiendo fantas\u00edas<em> <br \/><\/em><\/p><\/div>\n<p>&nbsp;<\/p>\n<div id=\"attachment_3806\" style=\"width: 610px\" class=\"wp-caption aligncenter\"><img loading=\"lazy\" decoding=\"async\" aria-describedby=\"caption-attachment-3806\" class=\"wp-image-3806\" src=\"https:\/\/www.fotonavia.com\/wp-content\/uploads\/2022\/08\/La-cueva-300x200.jpg\" alt=\"\" width=\"600\" height=\"400\" srcset=\"https:\/\/www.fotonavia.com\/wp-content\/uploads\/2022\/08\/La-cueva-300x200.jpg 300w, https:\/\/www.fotonavia.com\/wp-content\/uploads\/2022\/08\/La-cueva-1200x800.jpg 1200w, https:\/\/www.fotonavia.com\/wp-content\/uploads\/2022\/08\/La-cueva-768x512.jpg 768w, https:\/\/www.fotonavia.com\/wp-content\/uploads\/2022\/08\/La-cueva-1536x1024.jpg 1536w, https:\/\/www.fotonavia.com\/wp-content\/uploads\/2022\/08\/La-cueva-2048x1366.jpg 2048w\" sizes=\"auto, (max-width: 600px) 100vw, 600px\" \/><p id=\"caption-attachment-3806\" class=\"wp-caption-text\">La cueva<em><br \/><\/em><\/p><\/div>\n<p>&nbsp;<\/p>\n<div id=\"attachment_3805\" style=\"width: 610px\" class=\"wp-caption aligncenter\"><img loading=\"lazy\" decoding=\"async\" aria-describedby=\"caption-attachment-3805\" class=\"wp-image-3805\" src=\"https:\/\/www.fotonavia.com\/wp-content\/uploads\/2022\/08\/En-la-oscuridad-de-la-pradera-300x200.jpg\" alt=\"\" width=\"600\" height=\"400\" srcset=\"https:\/\/www.fotonavia.com\/wp-content\/uploads\/2022\/08\/En-la-oscuridad-de-la-pradera-300x200.jpg 300w, https:\/\/www.fotonavia.com\/wp-content\/uploads\/2022\/08\/En-la-oscuridad-de-la-pradera-1200x800.jpg 1200w, https:\/\/www.fotonavia.com\/wp-content\/uploads\/2022\/08\/En-la-oscuridad-de-la-pradera-768x512.jpg 768w, https:\/\/www.fotonavia.com\/wp-content\/uploads\/2022\/08\/En-la-oscuridad-de-la-pradera-1536x1024.jpg 1536w, https:\/\/www.fotonavia.com\/wp-content\/uploads\/2022\/08\/En-la-oscuridad-de-la-pradera-2048x1366.jpg 2048w\" sizes=\"auto, (max-width: 600px) 100vw, 600px\" \/><p id=\"caption-attachment-3805\" class=\"wp-caption-text\">En la oscuridad de la pradera<em> <br \/><\/em><\/p><\/div>\n<p>&nbsp;<\/p>\n<div id=\"attachment_3804\" style=\"width: 610px\" class=\"wp-caption aligncenter\"><img loading=\"lazy\" decoding=\"async\" aria-describedby=\"caption-attachment-3804\" class=\"wp-image-3804\" src=\"https:\/\/www.fotonavia.com\/wp-content\/uploads\/2022\/08\/El-vuelo-300x200.jpg\" alt=\"\" width=\"600\" height=\"400\" srcset=\"https:\/\/www.fotonavia.com\/wp-content\/uploads\/2022\/08\/El-vuelo-300x200.jpg 300w, https:\/\/www.fotonavia.com\/wp-content\/uploads\/2022\/08\/El-vuelo-1200x800.jpg 1200w, https:\/\/www.fotonavia.com\/wp-content\/uploads\/2022\/08\/El-vuelo-768x512.jpg 768w, https:\/\/www.fotonavia.com\/wp-content\/uploads\/2022\/08\/El-vuelo-1536x1024.jpg 1536w, https:\/\/www.fotonavia.com\/wp-content\/uploads\/2022\/08\/El-vuelo-2048x1366.jpg 2048w\" sizes=\"auto, (max-width: 600px) 100vw, 600px\" \/><p id=\"caption-attachment-3804\" class=\"wp-caption-text\">El vuelo<em> <br \/><\/em><\/p><\/div>\n<p>&nbsp;<\/p>\n<div id=\"attachment_3803\" style=\"width: 610px\" class=\"wp-caption aligncenter\"><img loading=\"lazy\" decoding=\"async\" aria-describedby=\"caption-attachment-3803\" class=\"wp-image-3803\" src=\"https:\/\/www.fotonavia.com\/wp-content\/uploads\/2022\/08\/Alma-blanca-300x200.jpg\" alt=\"\" width=\"600\" height=\"400\" srcset=\"https:\/\/www.fotonavia.com\/wp-content\/uploads\/2022\/08\/Alma-blanca-300x200.jpg 300w, https:\/\/www.fotonavia.com\/wp-content\/uploads\/2022\/08\/Alma-blanca-1200x800.jpg 1200w, https:\/\/www.fotonavia.com\/wp-content\/uploads\/2022\/08\/Alma-blanca-768x512.jpg 768w, https:\/\/www.fotonavia.com\/wp-content\/uploads\/2022\/08\/Alma-blanca-1536x1024.jpg 1536w, https:\/\/www.fotonavia.com\/wp-content\/uploads\/2022\/08\/Alma-blanca-2048x1366.jpg 2048w\" sizes=\"auto, (max-width: 600px) 100vw, 600px\" \/><p id=\"caption-attachment-3803\" class=\"wp-caption-text\">Alma blanca<\/p><\/div>\n<h4 style=\"text-align: center;\">&#8212;-o&#8212;-<\/h4>\n<p>&nbsp;<\/p>\n<p><strong>DESDE FOTONAVIA FELICITAMOS A TODOS LOS PARTICIPANTES POR EL ALTO NIVEL DE LAS FOTOGRAF\u00cdAS PRESENTADAS Y MUY ESPECIALMENTE A LOS GANADORES Y FINALISTAS<\/strong><\/p>\n<p style=\"text-align: center;\">PATROCINAN:<\/p>\n<p style=\"text-align: center;\"><strong><a rel=\"noopener\" href=\"https:\/\/www.instagram.com\/la.magaya\/\" target=\"_blank\"><img loading=\"lazy\" decoding=\"async\" class=\"alignnone wp-image-3509\" src=\"https:\/\/www.fotonavia.com\/wp-content\/uploads\/2021\/05\/La-Magaya.png\" alt=\"\" width=\"53\" height=\"61\" srcset=\"https:\/\/www.fotonavia.com\/wp-content\/uploads\/2021\/05\/La-Magaya.png 1300w, https:\/\/www.fotonavia.com\/wp-content\/uploads\/2021\/05\/La-Magaya-260x300.png 260w, https:\/\/www.fotonavia.com\/wp-content\/uploads\/2021\/05\/La-Magaya-1040x1200.png 1040w, https:\/\/www.fotonavia.com\/wp-content\/uploads\/2021\/05\/La-Magaya-768x886.png 768w\" sizes=\"auto, (max-width: 53px) 100vw, 53px\" \/><\/a><a rel=\"noopener\" href=\"https:\/\/4dproyectos.com\/\" target=\"_blank\"><img loading=\"lazy\" decoding=\"async\" class=\"alignnone wp-image-3504\" src=\"https:\/\/www.fotonavia.com\/wp-content\/uploads\/2021\/05\/4D.png\" alt=\"\" width=\"120\" height=\"49\" srcset=\"https:\/\/www.fotonavia.com\/wp-content\/uploads\/2021\/05\/4D.png 350w, https:\/\/www.fotonavia.com\/wp-content\/uploads\/2021\/05\/4D-300x122.png 300w\" sizes=\"auto, (max-width: 120px) 100vw, 120px\" \/><\/a> <a rel=\"noopener\" href=\"https:\/\/www.facebook.com\/CRASTURIAS\" target=\"_blank\"><img loading=\"lazy\" decoding=\"async\" class=\"alignnone wp-image-3506\" src=\"https:\/\/www.fotonavia.com\/wp-content\/uploads\/2021\/05\/Caja-Rural-de-Asturias.jpg\" alt=\"\" width=\"65\" height=\"65\" srcset=\"https:\/\/www.fotonavia.com\/wp-content\/uploads\/2021\/05\/Caja-Rural-de-Asturias.jpg 915w, https:\/\/www.fotonavia.com\/wp-content\/uploads\/2021\/05\/Caja-Rural-de-Asturias-300x300.jpg 300w, https:\/\/www.fotonavia.com\/wp-content\/uploads\/2021\/05\/Caja-Rural-de-Asturias-150x150.jpg 150w, https:\/\/www.fotonavia.com\/wp-content\/uploads\/2021\/05\/Caja-Rural-de-Asturias-768x768.jpg 768w\" sizes=\"auto, (max-width: 65px) 100vw, 65px\" \/><\/a><a rel=\"noopener\" href=\"https:\/\/www.instagram.com\/beep_navia\/\" target=\"_blank\"><img loading=\"lazy\" decoding=\"async\" class=\"alignnone wp-image-3505\" src=\"https:\/\/www.fotonavia.com\/wp-content\/uploads\/2021\/05\/Beep.png\" alt=\"\" width=\"81\" height=\"51\" srcset=\"https:\/\/www.fotonavia.com\/wp-content\/uploads\/2021\/05\/Beep.png 1981w, https:\/\/www.fotonavia.com\/wp-content\/uploads\/2021\/05\/Beep-300x187.png 300w, https:\/\/www.fotonavia.com\/wp-content\/uploads\/2021\/05\/Beep-1200x749.png 1200w, https:\/\/www.fotonavia.com\/wp-content\/uploads\/2021\/05\/Beep-768x480.png 768w, https:\/\/www.fotonavia.com\/wp-content\/uploads\/2021\/05\/Beep-1536x959.png 1536w\" sizes=\"auto, (max-width: 81px) 100vw, 81px\" \/><\/a> <a rel=\"noopener\" href=\"https:\/\/www.instagram.com\/interfilmnavia\/\" target=\"_blank\"><img loading=\"lazy\" decoding=\"async\" class=\"alignnone wp-image-3508\" src=\"https:\/\/www.fotonavia.com\/wp-content\/uploads\/2021\/05\/Interfilm.jpg\" alt=\"\" width=\"110\" height=\"39\" srcset=\"https:\/\/www.fotonavia.com\/wp-content\/uploads\/2021\/05\/Interfilm.jpg 929w, https:\/\/www.fotonavia.com\/wp-content\/uploads\/2021\/05\/Interfilm-300x106.jpg 300w, https:\/\/www.fotonavia.com\/wp-content\/uploads\/2021\/05\/Interfilm-768x272.jpg 768w\" sizes=\"auto, (max-width: 110px) 100vw, 110px\" \/><\/a><a rel=\"noopener\" href=\"https:\/\/www.instagram.com\/blancohotelspa\/\" target=\"_blank\"><img loading=\"lazy\" decoding=\"async\" class=\"alignnone wp-image-3507\" src=\"https:\/\/www.fotonavia.com\/wp-content\/uploads\/2021\/05\/images.jpg\" alt=\"\" width=\"66\" height=\"65\" srcset=\"https:\/\/www.fotonavia.com\/wp-content\/uploads\/2021\/05\/images.jpg 226w, https:\/\/www.fotonavia.com\/wp-content\/uploads\/2021\/05\/images-150x150.jpg 150w\" sizes=\"auto, (max-width: 66px) 100vw, 66px\" \/><\/a>&nbsp;<\/strong><strong><img class=\"alignnone wp-image-3510\" alt=\"\"> <\/strong><\/p>\n<figure>\n<h3 class=\"has-text-color has-background has-medium-font-size has-very-light-gray-color has-very-dark-gray-background-color\" style=\"text-align: center;\"><strong>A continuaci\u00f3n, el resto de fotograf\u00edas finalistas:<\/strong><\/h3>\n<p><div id=\"attachment_3826\" style=\"width: 610px\" class=\"wp-caption aligncenter\"><img loading=\"lazy\" decoding=\"async\" aria-describedby=\"caption-attachment-3826\" class=\"wp-image-3826\" src=\"https:\/\/www.fotonavia.com\/wp-content\/uploads\/2022\/08\/04.-El-vuelo-300x200.jpg\" alt=\"\" width=\"600\" height=\"400\" srcset=\"https:\/\/www.fotonavia.com\/wp-content\/uploads\/2022\/08\/04.-El-vuelo-300x200.jpg 300w, https:\/\/www.fotonavia.com\/wp-content\/uploads\/2022\/08\/04.-El-vuelo-1200x800.jpg 1200w, https:\/\/www.fotonavia.com\/wp-content\/uploads\/2022\/08\/04.-El-vuelo-768x512.jpg 768w, https:\/\/www.fotonavia.com\/wp-content\/uploads\/2022\/08\/04.-El-vuelo-1536x1024.jpg 1536w, https:\/\/www.fotonavia.com\/wp-content\/uploads\/2022\/08\/04.-El-vuelo-2048x1366.jpg 2048w\" sizes=\"auto, (max-width: 600px) 100vw, 600px\" \/><p id=\"caption-attachment-3826\" class=\"wp-caption-text\">\u00abEl vuelo\u00bb de Jose Luis Gigirey<\/p><\/div><\/figure>\n<div id=\"attachment_3828\" style=\"width: 610px\" class=\"wp-caption aligncenter\"><img loading=\"lazy\" decoding=\"async\" aria-describedby=\"caption-attachment-3828\" class=\"wp-image-3828\" src=\"https:\/\/www.fotonavia.com\/wp-content\/uploads\/2022\/08\/05.-Picante-300x200.jpg\" alt=\"\" width=\"600\" height=\"400\" srcset=\"https:\/\/www.fotonavia.com\/wp-content\/uploads\/2022\/08\/05.-Picante-300x200.jpg 300w, https:\/\/www.fotonavia.com\/wp-content\/uploads\/2022\/08\/05.-Picante-1200x800.jpg 1200w, https:\/\/www.fotonavia.com\/wp-content\/uploads\/2022\/08\/05.-Picante-768x512.jpg 768w, https:\/\/www.fotonavia.com\/wp-content\/uploads\/2022\/08\/05.-Picante-1536x1024.jpg 1536w, https:\/\/www.fotonavia.com\/wp-content\/uploads\/2022\/08\/05.-Picante-2048x1365.jpg 2048w\" sizes=\"auto, (max-width: 600px) 100vw, 600px\" \/><p id=\"caption-attachment-3828\" class=\"wp-caption-text\">\u00abPicante\u00bb de Francisco Lesteg\u00e1s<\/p><\/div>\n<div id=\"attachment_3829\" style=\"width: 610px\" class=\"wp-caption aligncenter\"><img loading=\"lazy\" decoding=\"async\" aria-describedby=\"caption-attachment-3829\" class=\"wp-image-3829\" src=\"https:\/\/www.fotonavia.com\/wp-content\/uploads\/2022\/08\/06.-La-cueva-300x200.jpg\" alt=\"\" width=\"600\" height=\"400\" srcset=\"https:\/\/www.fotonavia.com\/wp-content\/uploads\/2022\/08\/06.-La-cueva-300x200.jpg 300w, https:\/\/www.fotonavia.com\/wp-content\/uploads\/2022\/08\/06.-La-cueva-1200x800.jpg 1200w, https:\/\/www.fotonavia.com\/wp-content\/uploads\/2022\/08\/06.-La-cueva-768x512.jpg 768w, https:\/\/www.fotonavia.com\/wp-content\/uploads\/2022\/08\/06.-La-cueva-1536x1024.jpg 1536w, https:\/\/www.fotonavia.com\/wp-content\/uploads\/2022\/08\/06.-La-cueva-2048x1366.jpg 2048w\" sizes=\"auto, (max-width: 600px) 100vw, 600px\" \/><p id=\"caption-attachment-3829\" class=\"wp-caption-text\">\u00abLa cueva\u00bb de Jos\u00e9 Luis Gigirey<\/p><\/div>\n<div id=\"attachment_3830\" style=\"width: 610px\" class=\"wp-caption aligncenter\"><img loading=\"lazy\" decoding=\"async\" aria-describedby=\"caption-attachment-3830\" class=\"wp-image-3830\" src=\"https:\/\/www.fotonavia.com\/wp-content\/uploads\/2022\/08\/07.-LA-CHARCA-DE-LAS-RANAS-300x200.jpg\" alt=\"\" width=\"600\" height=\"400\" srcset=\"https:\/\/www.fotonavia.com\/wp-content\/uploads\/2022\/08\/07.-LA-CHARCA-DE-LAS-RANAS-300x200.jpg 300w, https:\/\/www.fotonavia.com\/wp-content\/uploads\/2022\/08\/07.-LA-CHARCA-DE-LAS-RANAS-1200x800.jpg 1200w, https:\/\/www.fotonavia.com\/wp-content\/uploads\/2022\/08\/07.-LA-CHARCA-DE-LAS-RANAS-768x512.jpg 768w, https:\/\/www.fotonavia.com\/wp-content\/uploads\/2022\/08\/07.-LA-CHARCA-DE-LAS-RANAS-1536x1024.jpg 1536w, https:\/\/www.fotonavia.com\/wp-content\/uploads\/2022\/08\/07.-LA-CHARCA-DE-LAS-RANAS-2048x1365.jpg 2048w\" sizes=\"auto, (max-width: 600px) 100vw, 600px\" \/><p id=\"caption-attachment-3830\" class=\"wp-caption-text\">\u00abLa charca de las ranas\u00bb de David Garc\u00eda Malo<\/p><\/div>\n<div id=\"attachment_3831\" style=\"width: 610px\" class=\"wp-caption aligncenter\"><img loading=\"lazy\" decoding=\"async\" aria-describedby=\"caption-attachment-3831\" class=\"wp-image-3831\" src=\"https:\/\/www.fotonavia.com\/wp-content\/uploads\/2022\/08\/08.-LA-GUARIDA-SECRETA-300x173.jpg\" alt=\"\" width=\"600\" height=\"346\" srcset=\"https:\/\/www.fotonavia.com\/wp-content\/uploads\/2022\/08\/08.-LA-GUARIDA-SECRETA-300x173.jpg 300w, https:\/\/www.fotonavia.com\/wp-content\/uploads\/2022\/08\/08.-LA-GUARIDA-SECRETA-1200x692.jpg 1200w, https:\/\/www.fotonavia.com\/wp-content\/uploads\/2022\/08\/08.-LA-GUARIDA-SECRETA-768x443.jpg 768w, https:\/\/www.fotonavia.com\/wp-content\/uploads\/2022\/08\/08.-LA-GUARIDA-SECRETA-1536x886.jpg 1536w, https:\/\/www.fotonavia.com\/wp-content\/uploads\/2022\/08\/08.-LA-GUARIDA-SECRETA-2048x1181.jpg 2048w\" sizes=\"auto, (max-width: 600px) 100vw, 600px\" \/><p id=\"caption-attachment-3831\" class=\"wp-caption-text\">\u00abLa guarida secreta\u00bb de David Garc\u00eda Malo<\/p><\/div>\n<div id=\"attachment_3833\" style=\"width: 610px\" class=\"wp-caption aligncenter\"><img loading=\"lazy\" decoding=\"async\" aria-describedby=\"caption-attachment-3833\" class=\"wp-image-3833\" src=\"https:\/\/www.fotonavia.com\/wp-content\/uploads\/2022\/08\/09.-Caniche-entre-llamas-La-Palma-300x200.jpg\" alt=\"\" width=\"600\" height=\"400\" srcset=\"https:\/\/www.fotonavia.com\/wp-content\/uploads\/2022\/08\/09.-Caniche-entre-llamas-La-Palma-300x200.jpg 300w, https:\/\/www.fotonavia.com\/wp-content\/uploads\/2022\/08\/09.-Caniche-entre-llamas-La-Palma-1200x800.jpg 1200w, https:\/\/www.fotonavia.com\/wp-content\/uploads\/2022\/08\/09.-Caniche-entre-llamas-La-Palma-768x512.jpg 768w, https:\/\/www.fotonavia.com\/wp-content\/uploads\/2022\/08\/09.-Caniche-entre-llamas-La-Palma-1536x1024.jpg 1536w, https:\/\/www.fotonavia.com\/wp-content\/uploads\/2022\/08\/09.-Caniche-entre-llamas-La-Palma-2048x1365.jpg 2048w\" sizes=\"auto, (max-width: 600px) 100vw, 600px\" \/><p id=\"caption-attachment-3833\" class=\"wp-caption-text\">\u00abCaniche entre llamas\u00bb de Eduardo Marcos Quevedo<\/p><\/div>\n<div id=\"attachment_3834\" style=\"width: 610px\" class=\"wp-caption aligncenter\"><img loading=\"lazy\" decoding=\"async\" aria-describedby=\"caption-attachment-3834\" class=\"wp-image-3834\" src=\"https:\/\/www.fotonavia.com\/wp-content\/uploads\/2022\/08\/10.-Encerrada-en-mi-200x300.jpg\" alt=\"\" width=\"600\" height=\"900\" srcset=\"https:\/\/www.fotonavia.com\/wp-content\/uploads\/2022\/08\/10.-Encerrada-en-mi-200x300.jpg 200w, https:\/\/www.fotonavia.com\/wp-content\/uploads\/2022\/08\/10.-Encerrada-en-mi-800x1200.jpg 800w, https:\/\/www.fotonavia.com\/wp-content\/uploads\/2022\/08\/10.-Encerrada-en-mi-768x1152.jpg 768w, https:\/\/www.fotonavia.com\/wp-content\/uploads\/2022\/08\/10.-Encerrada-en-mi-1024x1536.jpg 1024w, https:\/\/www.fotonavia.com\/wp-content\/uploads\/2022\/08\/10.-Encerrada-en-mi-1365x2048.jpg 1365w, https:\/\/www.fotonavia.com\/wp-content\/uploads\/2022\/08\/10.-Encerrada-en-mi-scaled.jpg 1707w\" sizes=\"auto, (max-width: 600px) 100vw, 600px\" \/><p id=\"caption-attachment-3834\" class=\"wp-caption-text\">\u00abEncerrada en m\u00ed\u00bb de Laura Garc\u00eda Zamora<\/p><\/div>\n<div id=\"attachment_3835\" style=\"width: 610px\" class=\"wp-caption aligncenter\"><img loading=\"lazy\" decoding=\"async\" aria-describedby=\"caption-attachment-3835\" class=\"wp-image-3835\" src=\"https:\/\/www.fotonavia.com\/wp-content\/uploads\/2022\/08\/11.-En-la-oscuridad-de-la-pradera-300x200.jpg\" alt=\"\" width=\"600\" height=\"400\" srcset=\"https:\/\/www.fotonavia.com\/wp-content\/uploads\/2022\/08\/11.-En-la-oscuridad-de-la-pradera-300x200.jpg 300w, https:\/\/www.fotonavia.com\/wp-content\/uploads\/2022\/08\/11.-En-la-oscuridad-de-la-pradera-1200x800.jpg 1200w, https:\/\/www.fotonavia.com\/wp-content\/uploads\/2022\/08\/11.-En-la-oscuridad-de-la-pradera-768x512.jpg 768w, https:\/\/www.fotonavia.com\/wp-content\/uploads\/2022\/08\/11.-En-la-oscuridad-de-la-pradera-1536x1024.jpg 1536w, https:\/\/www.fotonavia.com\/wp-content\/uploads\/2022\/08\/11.-En-la-oscuridad-de-la-pradera-2048x1366.jpg 2048w\" sizes=\"auto, (max-width: 600px) 100vw, 600px\" \/><p id=\"caption-attachment-3835\" class=\"wp-caption-text\">\u00abEn la oscuridad de la pradera\u00bb de Jose Luis Gigirey<\/p><\/div>\n<div id=\"attachment_3836\" style=\"width: 610px\" class=\"wp-caption aligncenter\"><img loading=\"lazy\" decoding=\"async\" aria-describedby=\"caption-attachment-3836\" class=\"wp-image-3836\" src=\"https:\/\/www.fotonavia.com\/wp-content\/uploads\/2022\/08\/12.-Hielo-milenario-300x200.jpg\" alt=\"\" width=\"600\" height=\"400\" srcset=\"https:\/\/www.fotonavia.com\/wp-content\/uploads\/2022\/08\/12.-Hielo-milenario-300x200.jpg 300w, https:\/\/www.fotonavia.com\/wp-content\/uploads\/2022\/08\/12.-Hielo-milenario-1200x800.jpg 1200w, https:\/\/www.fotonavia.com\/wp-content\/uploads\/2022\/08\/12.-Hielo-milenario-768x512.jpg 768w, https:\/\/www.fotonavia.com\/wp-content\/uploads\/2022\/08\/12.-Hielo-milenario-1536x1024.jpg 1536w, https:\/\/www.fotonavia.com\/wp-content\/uploads\/2022\/08\/12.-Hielo-milenario-2048x1365.jpg 2048w\" sizes=\"auto, (max-width: 600px) 100vw, 600px\" \/><p id=\"caption-attachment-3836\" class=\"wp-caption-text\">\u00abHielo milenario\u00bb de Carlos Gonz\u00e1lez Dos Santos<\/p><\/div>\n<div id=\"attachment_3838\" style=\"width: 611px\" class=\"wp-caption aligncenter\"><img loading=\"lazy\" decoding=\"async\" aria-describedby=\"caption-attachment-3838\" class=\"wp-image-3838\" src=\"https:\/\/www.fotonavia.com\/wp-content\/uploads\/2022\/08\/13.-Macro-extremo-Pano-4X-300x151.jpg\" alt=\"\" width=\"601\" height=\"303\" srcset=\"https:\/\/www.fotonavia.com\/wp-content\/uploads\/2022\/08\/13.-Macro-extremo-Pano-4X-300x151.jpg 300w, https:\/\/www.fotonavia.com\/wp-content\/uploads\/2022\/08\/13.-Macro-extremo-Pano-4X-1200x605.jpg 1200w, https:\/\/www.fotonavia.com\/wp-content\/uploads\/2022\/08\/13.-Macro-extremo-Pano-4X-768x387.jpg 768w, https:\/\/www.fotonavia.com\/wp-content\/uploads\/2022\/08\/13.-Macro-extremo-Pano-4X-1536x774.jpg 1536w, https:\/\/www.fotonavia.com\/wp-content\/uploads\/2022\/08\/13.-Macro-extremo-Pano-4X-2048x1033.jpg 2048w\" sizes=\"auto, (max-width: 601px) 100vw, 601px\" \/><p id=\"caption-attachment-3838\" class=\"wp-caption-text\">\u00abMacro extremo pano 4X\u00bb de Antonio Guerra Rodr\u00edguez<\/p><\/div>\n<div id=\"attachment_3839\" style=\"width: 610px\" class=\"wp-caption aligncenter\"><img loading=\"lazy\" decoding=\"async\" aria-describedby=\"caption-attachment-3839\" class=\"wp-image-3839\" src=\"https:\/\/www.fotonavia.com\/wp-content\/uploads\/2022\/08\/14.-El-riano-nordico-300x143.jpg\" alt=\"\" width=\"600\" height=\"287\" srcset=\"https:\/\/www.fotonavia.com\/wp-content\/uploads\/2022\/08\/14.-El-riano-nordico-300x143.jpg 300w, https:\/\/www.fotonavia.com\/wp-content\/uploads\/2022\/08\/14.-El-riano-nordico-1200x574.jpg 1200w, https:\/\/www.fotonavia.com\/wp-content\/uploads\/2022\/08\/14.-El-riano-nordico-768x367.jpg 768w, https:\/\/www.fotonavia.com\/wp-content\/uploads\/2022\/08\/14.-El-riano-nordico-1536x735.jpg 1536w, https:\/\/www.fotonavia.com\/wp-content\/uploads\/2022\/08\/14.-El-riano-nordico-2048x980.jpg 2048w\" sizes=\"auto, (max-width: 600px) 100vw, 600px\" \/><p id=\"caption-attachment-3839\" class=\"wp-caption-text\">\u00abEl Ria\u00f1o n\u00f3rdico\u00bb de Diego Manrique<\/p><\/div>\n<div id=\"attachment_3840\" style=\"width: 609px\" class=\"wp-caption aligncenter\"><img loading=\"lazy\" decoding=\"async\" aria-describedby=\"caption-attachment-3840\" class=\"wp-image-3840\" src=\"https:\/\/www.fotonavia.com\/wp-content\/uploads\/2022\/08\/15.-NOCHE-DE-HADAS-300x171.jpg\" alt=\"\" width=\"599\" height=\"341\" srcset=\"https:\/\/www.fotonavia.com\/wp-content\/uploads\/2022\/08\/15.-NOCHE-DE-HADAS-300x171.jpg 300w, https:\/\/www.fotonavia.com\/wp-content\/uploads\/2022\/08\/15.-NOCHE-DE-HADAS-1200x683.jpg 1200w, https:\/\/www.fotonavia.com\/wp-content\/uploads\/2022\/08\/15.-NOCHE-DE-HADAS-768x437.jpg 768w, https:\/\/www.fotonavia.com\/wp-content\/uploads\/2022\/08\/15.-NOCHE-DE-HADAS-1536x874.jpg 1536w, https:\/\/www.fotonavia.com\/wp-content\/uploads\/2022\/08\/15.-NOCHE-DE-HADAS-2048x1166.jpg 2048w\" sizes=\"auto, (max-width: 599px) 100vw, 599px\" \/><p id=\"caption-attachment-3840\" class=\"wp-caption-text\">\u00abNoche de hadas\u00bb de David Garc\u00eda Malo<\/p><\/div>\n<div id=\"attachment_3841\" style=\"width: 609px\" class=\"wp-caption aligncenter\"><img loading=\"lazy\" decoding=\"async\" aria-describedby=\"caption-attachment-3841\" class=\"wp-image-3841\" src=\"https:\/\/www.fotonavia.com\/wp-content\/uploads\/2022\/08\/16.-Los-espiritus-del-hielo-300x141.jpg\" alt=\"\" width=\"599\" height=\"281\" srcset=\"https:\/\/www.fotonavia.com\/wp-content\/uploads\/2022\/08\/16.-Los-espiritus-del-hielo-300x141.jpg 300w, https:\/\/www.fotonavia.com\/wp-content\/uploads\/2022\/08\/16.-Los-espiritus-del-hielo-1200x562.jpg 1200w, https:\/\/www.fotonavia.com\/wp-content\/uploads\/2022\/08\/16.-Los-espiritus-del-hielo-768x360.jpg 768w, https:\/\/www.fotonavia.com\/wp-content\/uploads\/2022\/08\/16.-Los-espiritus-del-hielo-1536x720.jpg 1536w, https:\/\/www.fotonavia.com\/wp-content\/uploads\/2022\/08\/16.-Los-espiritus-del-hielo-2048x960.jpg 2048w\" sizes=\"auto, (max-width: 599px) 100vw, 599px\" \/><p id=\"caption-attachment-3841\" class=\"wp-caption-text\">\u00abLos esp\u00edritus del hielo\u00bb de Unay Larraya<\/p><\/div>\n<div id=\"attachment_3842\" style=\"width: 610px\" class=\"wp-caption aligncenter\"><img loading=\"lazy\" decoding=\"async\" aria-describedby=\"caption-attachment-3842\" class=\"wp-image-3842\" src=\"https:\/\/www.fotonavia.com\/wp-content\/uploads\/2022\/08\/17.-Luces-del-Norte-200x300.jpg\" alt=\"\" width=\"600\" height=\"900\" srcset=\"https:\/\/www.fotonavia.com\/wp-content\/uploads\/2022\/08\/17.-Luces-del-Norte-200x300.jpg 200w, https:\/\/www.fotonavia.com\/wp-content\/uploads\/2022\/08\/17.-Luces-del-Norte-800x1200.jpg 800w, https:\/\/www.fotonavia.com\/wp-content\/uploads\/2022\/08\/17.-Luces-del-Norte-768x1152.jpg 768w, https:\/\/www.fotonavia.com\/wp-content\/uploads\/2022\/08\/17.-Luces-del-Norte-1024x1536.jpg 1024w, https:\/\/www.fotonavia.com\/wp-content\/uploads\/2022\/08\/17.-Luces-del-Norte-1365x2048.jpg 1365w, https:\/\/www.fotonavia.com\/wp-content\/uploads\/2022\/08\/17.-Luces-del-Norte-scaled.jpg 1706w\" sizes=\"auto, (max-width: 600px) 100vw, 600px\" \/><p id=\"caption-attachment-3842\" class=\"wp-caption-text\">\u00abLuces del Norte\u00bb de Unay Larraya<\/p><\/div>\n<div id=\"attachment_3843\" style=\"width: 610px\" class=\"wp-caption aligncenter\"><img loading=\"lazy\" decoding=\"async\" aria-describedby=\"caption-attachment-3843\" class=\"wp-image-3843\" src=\"https:\/\/www.fotonavia.com\/wp-content\/uploads\/2022\/08\/18.-Kirkjufell-300x200.jpg\" alt=\"\" width=\"600\" height=\"400\" srcset=\"https:\/\/www.fotonavia.com\/wp-content\/uploads\/2022\/08\/18.-Kirkjufell-300x200.jpg 300w, https:\/\/www.fotonavia.com\/wp-content\/uploads\/2022\/08\/18.-Kirkjufell-1200x800.jpg 1200w, https:\/\/www.fotonavia.com\/wp-content\/uploads\/2022\/08\/18.-Kirkjufell-768x512.jpg 768w, https:\/\/www.fotonavia.com\/wp-content\/uploads\/2022\/08\/18.-Kirkjufell-1536x1024.jpg 1536w, https:\/\/www.fotonavia.com\/wp-content\/uploads\/2022\/08\/18.-Kirkjufell.jpg 1920w\" sizes=\"auto, (max-width: 600px) 100vw, 600px\" \/><p id=\"caption-attachment-3843\" class=\"wp-caption-text\">\u00abKirkjufell\u00bb de C\u00e9sar \u00c1lvarez Osorio<\/p><\/div>\n<div id=\"attachment_3844\" style=\"width: 610px\" class=\"wp-caption aligncenter\"><img loading=\"lazy\" decoding=\"async\" aria-describedby=\"caption-attachment-3844\" class=\"wp-image-3844\" src=\"https:\/\/www.fotonavia.com\/wp-content\/uploads\/2022\/08\/19.-Piroplastos-La-Palma-300x200.jpg\" alt=\"\" width=\"600\" height=\"400\" srcset=\"https:\/\/www.fotonavia.com\/wp-content\/uploads\/2022\/08\/19.-Piroplastos-La-Palma-300x200.jpg 300w, https:\/\/www.fotonavia.com\/wp-content\/uploads\/2022\/08\/19.-Piroplastos-La-Palma-1200x800.jpg 1200w, https:\/\/www.fotonavia.com\/wp-content\/uploads\/2022\/08\/19.-Piroplastos-La-Palma-768x512.jpg 768w, https:\/\/www.fotonavia.com\/wp-content\/uploads\/2022\/08\/19.-Piroplastos-La-Palma-1536x1024.jpg 1536w, https:\/\/www.fotonavia.com\/wp-content\/uploads\/2022\/08\/19.-Piroplastos-La-Palma-2048x1365.jpg 2048w\" sizes=\"auto, (max-width: 600px) 100vw, 600px\" \/><p id=\"caption-attachment-3844\" class=\"wp-caption-text\">\u00abPiroplastos La Palma\u00bb de Eduardo Marcos Quevedo<\/p><\/div>\n<div id=\"attachment_3845\" style=\"width: 610px\" class=\"wp-caption aligncenter\"><img loading=\"lazy\" decoding=\"async\" aria-describedby=\"caption-attachment-3845\" class=\"wp-image-3845\" src=\"https:\/\/www.fotonavia.com\/wp-content\/uploads\/2022\/08\/20.-Camino-al-cielo-300x200.jpg\" alt=\"\" width=\"600\" height=\"400\" srcset=\"https:\/\/www.fotonavia.com\/wp-content\/uploads\/2022\/08\/20.-Camino-al-cielo-300x200.jpg 300w, https:\/\/www.fotonavia.com\/wp-content\/uploads\/2022\/08\/20.-Camino-al-cielo-1200x800.jpg 1200w, https:\/\/www.fotonavia.com\/wp-content\/uploads\/2022\/08\/20.-Camino-al-cielo-768x512.jpg 768w, https:\/\/www.fotonavia.com\/wp-content\/uploads\/2022\/08\/20.-Camino-al-cielo-1536x1024.jpg 1536w, https:\/\/www.fotonavia.com\/wp-content\/uploads\/2022\/08\/20.-Camino-al-cielo-2048x1365.jpg 2048w\" sizes=\"auto, (max-width: 600px) 100vw, 600px\" \/><p id=\"caption-attachment-3845\" class=\"wp-caption-text\">\u00abCamino al cielo\u00bb de Javier Taboada L\u00f3pez<\/p><\/div>\n<div id=\"attachment_3846\" style=\"width: 610px\" class=\"wp-caption aligncenter\"><img loading=\"lazy\" decoding=\"async\" aria-describedby=\"caption-attachment-3846\" class=\"wp-image-3846\" src=\"https:\/\/www.fotonavia.com\/wp-content\/uploads\/2022\/08\/21.-Londragar-borealis-300x200.jpg\" alt=\"\" width=\"600\" height=\"400\" srcset=\"https:\/\/www.fotonavia.com\/wp-content\/uploads\/2022\/08\/21.-Londragar-borealis-300x200.jpg 300w, https:\/\/www.fotonavia.com\/wp-content\/uploads\/2022\/08\/21.-Londragar-borealis-1200x800.jpg 1200w, https:\/\/www.fotonavia.com\/wp-content\/uploads\/2022\/08\/21.-Londragar-borealis-768x512.jpg 768w, https:\/\/www.fotonavia.com\/wp-content\/uploads\/2022\/08\/21.-Londragar-borealis-1536x1024.jpg 1536w, https:\/\/www.fotonavia.com\/wp-content\/uploads\/2022\/08\/21.-Londragar-borealis-2048x1366.jpg 2048w\" sizes=\"auto, (max-width: 600px) 100vw, 600px\" \/><p id=\"caption-attachment-3846\" class=\"wp-caption-text\">\u00abLondragar borealis\u00bb de David V\u00e1zquez L\u00f3pez<\/p><\/div>\n<p>&nbsp;<\/p>\n<p style=\"text-align: center;\"><strong>Se levanta la sesi\u00f3n a las 22:00 horas del s\u00e1bado 16 de Julio de 2022.<\/strong><\/p>\n<p style=\"text-align: center;\"><strong>Firma el Acta:&nbsp; Javier Freitas Arias.<\/strong><\/p>\n<p style=\"text-align: center;\"><strong>Coordinador &nbsp;de&nbsp;&nbsp; \u201cFOTONAVIA 2022\u201d.<\/strong><\/p>\n<p style=\"padding-left: 120px;\">&nbsp;<br \/>\n<img loading=\"lazy\" decoding=\"async\" class=\"alignnone wp-image-3520\" src=\"https:\/\/www.fotonavia.com\/wp-content\/uploads\/2021\/05\/email.jpg\" alt=\"\" width=\"32\" height=\"32\" srcset=\"https:\/\/www.fotonavia.com\/wp-content\/uploads\/2021\/05\/email.jpg 225w, https:\/\/www.fotonavia.com\/wp-content\/uploads\/2021\/05\/email-150x150.jpg 150w\" sizes=\"auto, (max-width: 32px) 100vw, 32px\" \/> <a rel=\"noopener\" href=\"mailto:fotonavia@gmail.com\" target=\"_blank\">fotonavia@gmail.com<\/a><\/p>\n<p style=\"padding-left: 120px;\"><strong><em><u><a rel=\"noopener\" href=\"https:\/\/www.fotonavia.com\/\" target=\"_blank\"><img loading=\"lazy\" decoding=\"async\" class=\"alignnone wp-image-3521\" src=\"https:\/\/www.fotonavia.com\/wp-content\/uploads\/2021\/05\/unnamed.png\" alt=\"\" width=\"32\" height=\"32\" srcset=\"https:\/\/www.fotonavia.com\/wp-content\/uploads\/2021\/05\/unnamed.png 512w, https:\/\/www.fotonavia.com\/wp-content\/uploads\/2021\/05\/unnamed-300x300.png 300w, https:\/\/www.fotonavia.com\/wp-content\/uploads\/2021\/05\/unnamed-150x150.png 150w\" sizes=\"auto, (max-width: 32px) 100vw, 32px\" \/><\/a><\/u><\/em><\/strong><a rel=\"noopener\" href=\"https:\/\/www.fotonavia.com\/\" target=\"_blank\">https:\/\/www.fotonavia.com<\/a><\/p>\n<p style=\"padding-left: 120px;\"><a rel=\"noopener\" href=\"https:\/\/www.facebook.com\/asociacionfotonavia\" target=\"_blank\"><img loading=\"lazy\" decoding=\"async\" class=\"alignnone wp-image-3522\" src=\"https:\/\/www.fotonavia.com\/wp-content\/uploads\/2021\/05\/Facebook.png\" alt=\"\" width=\"33\" height=\"32\" srcset=\"https:\/\/www.fotonavia.com\/wp-content\/uploads\/2021\/05\/Facebook.png 190w, https:\/\/www.fotonavia.com\/wp-content\/uploads\/2021\/05\/Facebook-150x150.png 150w\" sizes=\"auto, (max-width: 33px) 100vw, 33px\" \/><\/a><a rel=\"noopener\" href=\"https:\/\/www.facebook.com\/asociacionfotonavia\" target=\"_blank\">https:\/\/www.facebook.com\/asociacionfotonavia<\/a><\/p>\n<p style=\"padding-left: 120px;\"><a rel=\"noopener\" href=\"https:\/\/www.instagram.com\/foto_navia\" target=\"_blank\"><img loading=\"lazy\" decoding=\"async\" class=\"alignnone wp-image-3523\" src=\"https:\/\/www.fotonavia.com\/wp-content\/uploads\/2021\/05\/instagram.png\" alt=\"\" width=\"32\" height=\"31\" srcset=\"https:\/\/www.fotonavia.com\/wp-content\/uploads\/2021\/05\/instagram.png 187w, https:\/\/www.fotonavia.com\/wp-content\/uploads\/2021\/05\/instagram-150x150.png 150w\" sizes=\"auto, (max-width: 32px) 100vw, 32px\" \/><\/a><a rel=\"noopener\" href=\"https:\/\/www.instagram.com\/foto_navia\" target=\"_blank\">https:\/\/www.instagram.com\/foto_navia<\/a><\/p>\n<p>&nbsp;<\/p>\n<p>FOTONAVIA agradece una vez m\u00e1s a&nbsp;<em>4D Proyectos, Caja Rural De Asturias, InterFilm Navia, Sidrer\u00eda La Magaya y BEEP-Navia<\/em>&nbsp;su inestimable colaboraci\u00f3n.<\/p>\n","protected":false},"excerpt":{"rendered":"<p>ACTA DEL JURADO DEL CONCURSO FOTOGR\u00c1FICO FOTONAVIA 2022 &nbsp; Reunidos a las 20:00 horas del s\u00e1bado 16 de Julio de 2022, el jurado compuesto por las siguientes personas: \u2013 Fely Su\u00e1rez M\u00e9ndez \u2013 Laura Fern\u00e1ndez Su\u00e1rez \u2013 Nohem\u00ed Su\u00e1rez Toyos \u2013 Azucena Garc\u00eda Villamil \u2013 Manuel \u00c1lvarez Rodr\u00edguez \u2013 Manolo Lebredo. \u2013 Jos\u00e9 \u00c1ngel Ni\u00f1o [&hellip;]<\/p>\n","protected":false},"author":5,"featured_media":0,"comment_status":"open","ping_status":"open","sticky":false,"template":"","format":"standard","meta":{"footnotes":""},"categories":[10,84,15],"tags":[112,17,63,66,33,99],"class_list":["post-3771","post","type-post","status-publish","format-standard","hentry","category-concursos-fotograficos","category-fotonavia","category-noticias","tag-112","tag-concursos","tag-fotografos","tag-fotonavia","tag-navia","tag-noticias-fotograficas"],"_links":{"self":[{"href":"https:\/\/www.fotonavia.com\/index.php?rest_route=\/wp\/v2\/posts\/3771","targetHints":{"allow":["GET"]}}],"collection":[{"href":"https:\/\/www.fotonavia.com\/index.php?rest_route=\/wp\/v2\/posts"}],"about":[{"href":"https:\/\/www.fotonavia.com\/index.php?rest_route=\/wp\/v2\/types\/post"}],"author":[{"embeddable":true,"href":"https:\/\/www.fotonavia.com\/index.php?rest_route=\/wp\/v2\/users\/5"}],"replies":[{"embeddable":true,"href":"https:\/\/www.fotonavia.com\/index.php?rest_route=%2Fwp%2Fv2%2Fcomments&post=3771"}],"version-history":[{"count":65,"href":"https:\/\/www.fotonavia.com\/index.php?rest_route=\/wp\/v2\/posts\/3771\/revisions"}],"predecessor-version":[{"id":3872,"href":"https:\/\/www.fotonavia.com\/index.php?rest_route=\/wp\/v2\/posts\/3771\/revisions\/3872"}],"wp:attachment":[{"href":"https:\/\/www.fotonavia.com\/index.php?rest_route=%2Fwp%2Fv2%2Fmedia&parent=3771"}],"wp:term":[{"taxonomy":"category","embeddable":true,"href":"https:\/\/www.fotonavia.com\/index.php?rest_route=%2Fwp%2Fv2%2Fcategories&post=3771"},{"taxonomy":"post_tag","embeddable":true,"href":"https:\/\/www.fotonavia.com\/index.php?rest_route=%2Fwp%2Fv2%2Ftags&post=3771"}],"curies":[{"name":"wp","href":"https:\/\/api.w.org\/{rel}","templated":true}]}}